{"id":3032,"date":"2014-11-17T02:19:39","date_gmt":"2014-11-17T02:19:39","guid":{"rendered":"http:\/\/benbansal.me\/?p=3032"},"modified":"2014-11-17T02:20:24","modified_gmt":"2014-11-17T02:20:24","slug":"fiesp-sao-paulo","status":"publish","type":"post","link":"https:\/\/benbansal.me\/?p=3032","title":{"rendered":"FIESP, Sao Paulo"},"content":{"rendered":"<p>I went on a short trip to Sao Paulo some while ago, and this building on Paulista Avenue caught my attention. It is the headquarters of FIESP &#8211; the\u00a0Federa\u00e7\u00e3o das Ind\u00fastrias do Estado de S\u00e3o Paulo or Federation of Industries of the State of Sao Paulo.<\/p>\n<p><a href=\"https:\/\/benbansal.me\/wp-content\/uploads\/2014\/11\/fiesp01.jpg\"><img decoding=\"async\" alt=\"fiesp01\" src=\"https:\/\/benbansal.me\/wp-content\/uploads\/2014\/11\/fiesp01-580x434.jpg\" width=\"580\" height=\"434\" \/><\/a><\/p>\n<p><!--more-->Built between in 1970 and 1979 in Brutalist style, it makes quite an impression on the central boulevard. It is about 80 meters high, about the same as most adjacent buildings. The structure can be appreciated in its entirety through some of the pictures on <a href=\"http:\/\/www.vitruvius.com.br\/revistas\/read\/arquitextos\/07.079\/286\">this site<\/a>.<\/p>\n<p>The competition held in 1969 asked of the contestants to design a landmark. The office of Brazilian modernist architect Rino Levi won with their rather eccentric entry. Just a year after the construction was completed, this <a href=\"http:\/\/i152.photobucket.com\/albums\/s165\/ewaldo_album\/80sp6.jpg\">photo<\/a> was taken with a bird&#8217;s eye view.<\/p>\n<p><a href=\"https:\/\/benbansal.me\/wp-content\/uploads\/2014\/11\/fiesp02.jpg\"><img decoding=\"async\" alt=\"fiesp02\" src=\"https:\/\/benbansal.me\/wp-content\/uploads\/2014\/11\/fiesp02-580x773.jpg\" width=\"580\" height=\"773\" \/><\/a><\/p>\n<p>In 1998 the building got a major makeover. Brazilian starchitect <a href=\"http:\/\/en.wikipedia.org\/wiki\/Paulo_Mendes_da_Rocha\">Paulo Mendes de Rocha<\/a> cut some of the pyramid away at the bottom of the side facing Paulista Avenue to restore the original distance from the street and to increase the width of the pavement.<\/p>\n<p><a href=\"https:\/\/benbansal.me\/wp-content\/uploads\/2014\/11\/fiesp03.jpg\"><img decoding=\"async\" class=\"alignleft size-medium wp-image-3036\" alt=\"fiesp03\" src=\"https:\/\/benbansal.me\/wp-content\/uploads\/2014\/11\/fiesp03-580x773.jpg\" width=\"580\" height=\"773\" srcset=\"https:\/\/benbansal.me\/wp-content\/uploads\/2014\/11\/fiesp03-580x773.jpg 580w, https:\/\/benbansal.me\/wp-content\/uploads\/2014\/11\/fiesp03-940x1253.jpg 940w, https:\/\/benbansal.me\/wp-content\/uploads\/2014\/11\/fiesp03.jpg 1000w\" sizes=\"(max-width: 580px) 100vw, 580px\" \/><\/a> <a href=\"https:\/\/benbansal.me\/wp-content\/uploads\/2014\/11\/fiesp01.jpg\"><br \/>\n<\/a> <a href=\"https:\/\/benbansal.me\/wp-content\/uploads\/2014\/11\/fiesp02.jpg\"><br \/>\n<\/a><\/p>\n<p>&nbsp;<\/p>\n","protected":false},"excerpt":{"rendered":"<p>I went on a short trip to Sao Paulo some while ago, and this building on Paulista Avenue caught my attention. It is the headquarters of FIESP &#8211; the\u00a0Federa\u00e7\u00e3o das Ind\u00fastrias do Estado de S\u00e3o Paulo or Federation of Industries &hellip; <a href=\"https:\/\/benbansal.me\/?p=3032\">Continue reading <span class=\"meta-nav\">&rarr;<\/span><\/a><\/p>\n","protected":false},"author":1,"featured_media":0,"comment_status":"open","ping_status":"open","sticky":false,"template":"","format":"standard","meta":{"footnotes":""},"categories":[6,31],"tags":[],"class_list":["post-3032","post","type-post","status-publish","format-standard","hentry","category-architecture","category-brazil"],"_links":{"self":[{"href":"https:\/\/benbansal.me\/index.php?rest_route=\/wp\/v2\/posts\/3032","targetHints":{"allow":["GET"]}}],"collection":[{"href":"https:\/\/benbansal.me\/index.php?rest_route=\/wp\/v2\/posts"}],"about":[{"href":"https:\/\/benbansal.me\/index.php?rest_route=\/wp\/v2\/types\/post"}],"author":[{"embeddable":true,"href":"https:\/\/benbansal.me\/index.php?rest_route=\/wp\/v2\/users\/1"}],"replies":[{"embeddable":true,"href":"https:\/\/benbansal.me\/index.php?rest_route=%2Fwp%2Fv2%2Fcomments&post=3032"}],"version-history":[{"count":3,"href":"https:\/\/benbansal.me\/index.php?rest_route=\/wp\/v2\/posts\/3032\/revisions"}],"predecessor-version":[{"id":3041,"href":"https:\/\/benbansal.me\/index.php?rest_route=\/wp\/v2\/posts\/3032\/revisions\/3041"}],"wp:attachment":[{"href":"https:\/\/benbansal.me\/index.php?rest_route=%2Fwp%2Fv2%2Fmedia&parent=3032"}],"wp:term":[{"taxonomy":"category","embeddable":true,"href":"https:\/\/benbansal.me\/index.php?rest_route=%2Fwp%2Fv2%2Fcategories&post=3032"},{"taxonomy":"post_tag","embeddable":true,"href":"https:\/\/benbansal.me\/index.php?rest_route=%2Fwp%2Fv2%2Ftags&post=3032"}],"curies":[{"name":"wp","href":"https:\/\/api.w.org\/{rel}","templated":true}]}}